{"id":15291,"date":"2025-02-06T12:54:15","date_gmt":"2025-02-06T12:54:15","guid":{"rendered":"http:\/\/torontotribune.ca\/index.php\/2025\/02\/06\/trumps-tariff-threat-provokes-wave-of-patriotism-in-canada-polls-show-national\/"},"modified":"2025-02-06T12:54:15","modified_gmt":"2025-02-06T12:54:15","slug":"trumps-tariff-threat-provokes-wave-of-patriotism-in-canada-polls-show-national","status":"publish","type":"post","link":"https:\/\/torontotribune.ca\/index.php\/2025\/02\/06\/trumps-tariff-threat-provokes-wave-of-patriotism-in-canada-polls-show-national\/","title":{"rendered":"Trump\u2019s tariff threat provokes \u2018wave of patriotism\u2019 in Canada, polls show &#8211; National"},"content":{"rendered":"<p> <br \/>\n<\/p>\n<div id=\"\">\n<p>Two new polls suggest Quebeckers are feeling pretty good about their relationship with Canada these days.<\/p>\n<p><\/p>\n<p>Between December and February, the share of Quebecers who said they were \u201cvery proud\u201d or \u201cproud\u201d to be Canadian increased 13 points from 45 per cent to 58 per cent, according to an Angus Reid poll conducted online Sunday and Monday.<\/p>\n<p>The online poll was conducted among 1,811 respondents and has no margin of error. It says the percentage of people in Quebec expressing pride in Canada increased faster than it did in the country as a whole. The poll recorded an average increase in national pride across Canada of nine points, from 58 per cent to 67 per cent.<\/p>\n<p>The Prairies are dragging the average down, with Alberta up three points, Saskatchewan up four points and Manitoba down four points. Reported pride in Canadian identity is up 12 points in B.C., nine points in Ontario and 15 points in Atlantic Canada.<\/p>\n<div class=\"c-ad c-ad--bigbox l-article__ad\">\n<p>Story continues below advertisement<\/p>\n<\/p><\/div>\n<p>The poll also tracked a spike in the number of Canadians who said they have a \u201cdeep emotional attachment to Canada\u201d \u2013 from 30 per cent to 45 per cent in Quebec, and from 49 per cent to 59 per cent across Canada.<\/p>\n<p>\u201cThe enemies of my enemies are my friends,\u201d said Daniel B\u00e9land, director of the McGill Institute for the Study of Canada.<\/p>\n<div class=\"l-article__part\" data-shortcode=\"tp_video\">\n<div class=\"c-video c-videoPlay \" data-iframe-receiver=\"\" data-autoplay=\"\" data-displayinline-featured=\"false\" data-displayinline-type=\"video\" data-displayinline-player-id=\"miniplayer_11005807_67a4b0f7af142\" data-displayinline-video-id=\"11005807\" data-displayinline-ratio=\"16:9\" data-displayinline=\"https:\/\/globalnews.ca\/video\/embed\/11005807\/#autoplay&amp;stickyiframe=miniplayer_11005807_67a4b0f7af142\" data-displayinline-sticky=\"true\">\n<div class=\"c-video__inner \">\n\t\t\t\t\t<span class=\"c-video__placeholder\"><br \/>\n\t\t\t\t\t\t<img loading=\"lazy\" class=\"c-video__image\" alt=\"Click to play video: 'Montreal institution creates bagel with \u2018Canada strong\u2019 twist'\" width=\"640\" height=\"360\" data-src=\"https:\/\/i1.wp.com\/media.globalnews.ca\/videostatic\/news\/gp6vuq7ezr-xirinqkx34\/canada.strong.bagel.parrillo.jpg?w=1040&amp;quality=70&amp;strip=all\" loading=\"lazy\" srcset=\"\" sizes=\"auto, \" data-srcset=\"https:\/\/i1.wp.com\/media.globalnews.ca\/videostatic\/news\/gp6vuq7ezr-xirinqkx34\/canada.strong.bagel.parrillo.jpg?w=450#038;quality=70&amp;strip=all 450w,https:\/\/i1.wp.com\/media.globalnews.ca\/videostatic\/news\/gp6vuq7ezr-xirinqkx34\/canada.strong.bagel.parrillo.jpg?w=720#038;quality=70&amp;strip=all 720w,https:\/\/i1.wp.com\/media.globalnews.ca\/videostatic\/news\/gp6vuq7ezr-xirinqkx34\/canada.strong.bagel.parrillo.jpg?w=1040#038;quality=70&amp;strip=all 1040w,\" data-sizes=\"(min-width: 1040px) 1040px,(min-width: 720px) 720px,450px\"\/><br \/>\n\t\t\t\t\t\t\t\t\t\t\t\t<span class=\"c-video__overlay\"><\/p>\n<p>\n\t\t\t\t\t\t\t\t\t\t\t\t\t\t\t\t\t<time class=\"c-video__duration\">2:03<\/time><br \/>\n\t\t\t\t\t\t\t\t\t\t\t\t\t\t\t\t\t\t\t\t\t\t\t\t\t<span class=\"c-video__title\">Montreal institution creates bagel with \u2018Canada strong\u2019 twist<\/span>\n\t\t\t\t\t\t\t\t\t\t\t\t\t\t\t<\/p>\n<p>\t\t\t\t\t\t<\/span><br \/>\n\t\t\t\t\t\t\t\t\t\t\t<\/span>\n\t\t\t\t<\/div>\n<\/p><\/div>\n<\/p><\/div>\n<p>With Canada on the brink of a tariff war with the United States, he said, the \u201ccommon enemy\u201d is now U.S. President Donald Trump.<\/p>\n<div class=\"c-inlineSignup\" data-newsletter-inline=\"\">\n<div class=\"c-inlineSignup__image\">\n\t\t\t\t\t<img loading=\"lazy\" decoding=\"async\" width=\"170\" height=\"225\" loading=\"lazy\" src=\"https:\/\/globalnews.ca\/wp-content\/themes\/shaw-globalnews\/images\/skyline\/national.jpg\" alt=\"Get the day's top news, political, economic, and current affairs headlines, delivered to your inbox once a day.\"\/>\n\t\t\t\t<\/div>\n<div class=\"c-inlineSignup__content\">\n<h3>Get daily National news<\/h3>\n<p>Get the day&#8217;s top news, political, economic, and current affairs headlines, delivered to your inbox once a day.<\/p>\n<\/p><\/div>\n<\/p><\/div>\n<p>\u201cThere is a sense of unity in adversity\u201d and identification with Canada is being used as \u201ca kind of shield against Trump,\u201d B\u00e9land said.<\/p>\n<p>Genevi\u00e8ve Tellier, a professor at the University of Ottawa\u2019s school of political studies, said that Trump\u2019s tariff threat was perceived as \u201can attack, a betrayal even,\u201d and touched \u201ca sensitive chord\u201d provoking a \u201cwave of patriotism.\u201d<\/p>\n<div class=\"c-ad c-ad--bigbox l-article__ad\">\n<p>Story continues below advertisement<\/p>\n<\/p><\/div>\n<p>She said we seldom see polling show that Quebecers see themselves as being \u201cin the same boat\u201d with other Canadians.<\/p>\n<p>\u201cUntil now, we thought that in Quebec, it was different than in the rest of Canada, so we were going to vote for the (Bloc Qu\u00e9b\u00e9cois) to represent that difference. But with this crisis, it brought Quebecers back into line with the rest of Canada,\u201d she said.<\/p>\n<p>\u201cThat\u2019s good news for the (federal) Liberals, most certainly. That should worry the Conservatives, but also the Bloc in Quebec.\u201d<\/p>\n<p>And while polls of provincial voting intentions put the sovereigntist Parti Qu\u00e9b\u00e9cois in the lead, Fr\u00e9d\u00e9ric Boily, a professor of political science at the University of Alberta, said a \u201cwind of patriotism\u201d is blowing through the country.<\/p>\n<p>\u201cThe time is not right for Quebec nationalism,\u201d Boily said.<\/p>\n<p>\u201cThe idea that we must form a common front to be able to fight Donald Trump, who is now almost designated as an enemy of Canada, also takes away arguments from Quebec nationalism to say that we could possibly react more effectively than Canada does if we were a nation.\u201d<\/p>\n<section id=\"content-dynamic-trending-stories\" class=\"l-inlineStories l-inlineStories--tile u-hide-tablet-landscape\" aria-label=\"Dynamic trending stories section\">\n<p>\n\t\t<span class=\"l-inlineStories__title c-heading c-heading--strikethrough\">Trending Now<\/span>\n\t<\/p>\n<ul class=\"l-inlineStories__posts c-posts c-posts--inline \">\n<li class=\"c-posts__item\">\n\t\t\t<a href=\"https:\/\/globalnews.ca\/news\/11005050\/u-s-tariff-quebec-canadian-layoffs-workers\/\" class=\"c-posts__inner\"><\/p>\n<div class=\"c-posts__media \">\n\t\t\t\t\t\t<img loading=\"lazy\" class=\"c-posts__thumbnail\" data-src=\"https:\/\/globalnews.ca\/wp-content\/uploads\/2025\/02\/8780791ad9955d6975caa511864dc90a2312adee6d7a836d024ea5fbb6a81914_4a8925.jpg?quality=85&amp;strip=all&amp;w=336&amp;h=224&amp;crop=1\" loading=\"lazy\" width=\"336\" height=\"224\" alt=\"\"\/>\n\t\t\t\t\t\t\t\t\t\t\t\t\t<\/div>\n<div class=\"c-posts__details\">\n<p>\n\t\t\t\t<span class=\"c-posts__headlineText\" title=\"U.S. tariff threat: Quebec furniture company lays off 115 workers after sales drop\" data-title=\"\">U.S. tariff threat: Quebec furniture company lays off 115 workers after sales drop<\/span>\n\t<\/p>\n<\/p><\/div>\n<p>\t\t\t<\/a>\n\t\t<\/li>\n<li class=\"c-posts__item\">\n\t\t\t<a href=\"https:\/\/globalnews.ca\/news\/11004847\/johnny-matthew-gaudreau-blood-alcohol-levels-driver\/\" class=\"c-posts__inner\"><\/p>\n<div class=\"c-posts__media \">\n\t\t\t\t\t\t<img loading=\"lazy\" class=\"c-posts__thumbnail\" data-src=\"https:\/\/globalnews.ca\/wp-content\/uploads\/2024\/11\/20241112111116-20241112111116-67338018472ac208ebc13f19jpeg_58b675.jpg?quality=85&amp;strip=all&amp;w=336&amp;h=224&amp;crop=1\" loading=\"lazy\" width=\"336\" height=\"224\" alt=\"\"\/>\n\t\t\t\t\t\t\t\t\t\t\t\t\t<\/div>\n<div class=\"c-posts__details\">\n<p>\n\t\t\t\t<span class=\"c-posts__headlineText\" title=\"Driver charged in Gaudreau deaths says brothers were more impaired than him\" data-title=\"\">Driver charged in Gaudreau deaths says brothers were more impaired than him<\/span>\n\t<\/p>\n<\/p><\/div>\n<p>\t\t\t<\/a>\n\t\t<\/li>\n<\/ul>\n<\/section>\n<div class=\"l-article__part\" data-shortcode=\"tp_video\">\n<div class=\"c-video c-videoPlay \" data-iframe-receiver=\"\" data-autoplay=\"\" data-displayinline-featured=\"false\" data-displayinline-type=\"video\" data-displayinline-player-id=\"miniplayer_11003038_67a4b0f7b16d2\" data-displayinline-video-id=\"11003038\" data-displayinline-ratio=\"16:9\" data-displayinline=\"https:\/\/globalnews.ca\/video\/embed\/11003038\/#autoplay&amp;stickyiframe=miniplayer_11003038_67a4b0f7b16d2\" data-displayinline-sticky=\"true\">\n<div class=\"c-video__inner \">\n\t\t\t\t\t<span class=\"c-video__placeholder\"><br \/>\n\t\t\t\t\t\t<img loading=\"lazy\" class=\"c-video__image\" alt=\"Click to play video: 'Planning a trip to the US? Many Canadians say \u2018no thanks\u2019 despite tariff pause'\" width=\"640\" height=\"360\" data-src=\"https:\/\/i2.wp.com\/media.globalnews.ca\/videostatic\/news\/l46ze22n9r-36bax1f92z\/travel_tariffs.jpg?w=1040&amp;quality=70&amp;strip=all\" loading=\"lazy\" srcset=\"\" sizes=\"auto, \" data-srcset=\"https:\/\/i2.wp.com\/media.globalnews.ca\/videostatic\/news\/l46ze22n9r-36bax1f92z\/travel_tariffs.jpg?w=450#038;quality=70&amp;strip=all 450w,https:\/\/i2.wp.com\/media.globalnews.ca\/videostatic\/news\/l46ze22n9r-36bax1f92z\/travel_tariffs.jpg?w=720#038;quality=70&amp;strip=all 720w,https:\/\/i2.wp.com\/media.globalnews.ca\/videostatic\/news\/l46ze22n9r-36bax1f92z\/travel_tariffs.jpg?w=1040#038;quality=70&amp;strip=all 1040w,\" data-sizes=\"(min-width: 1040px) 1040px,(min-width: 720px) 720px,450px\"\/><br \/>\n\t\t\t\t\t\t\t\t\t\t\t\t<span class=\"c-video__overlay\"><\/p>\n<p>\n\t\t\t\t\t\t\t\t\t\t\t\t\t\t\t\t\t<time class=\"c-video__duration\">1:43<\/time><br \/>\n\t\t\t\t\t\t\t\t\t\t\t\t\t\t\t\t\t\t\t\t\t\t\t\t\t<span class=\"c-video__title\">Planning a trip to the US? Many Canadians say \u2018no thanks\u2019 despite tariff pause<\/span>\n\t\t\t\t\t\t\t\t\t\t\t\t\t\t\t<\/p>\n<p>\t\t\t\t\t\t<\/span><br \/>\n\t\t\t\t\t\t\t\t\t\t\t<\/span>\n\t\t\t\t<\/div>\n<\/p><\/div>\n<\/p><\/div>\n<p>Another new survey, conducted by L\u00e9ger for the Association for Canadian Studies, indicates that Quebecers are significantly more likely than other Canadians to believe that the relationship between their province and the rest of the country is solid.<\/p>\n<div class=\"c-ad c-ad--bigbox l-article__ad\">\n<p>Story continues below advertisement<\/p>\n<\/p><\/div>\n<p>Nearly two out of three Quebecers (64 per cent) think that this relationship is somewhat good or very good. Outside of Quebec, 52 per cent of British Columbians, 50 per cent of Ontarians, 49 per cent of people in Manitoba and Saskatchewan, 48 per cent of Atlantic Canadians and 29 per cent of Albertans said the relationship between Quebec and the rest of the country is sound.<\/p>\n<p>B\u00e9land said many Albertans\u2019 \u201cresentment\u201d of Quebec, \u201cespecially among Alberta conservatives who think Quebec has too much power within Canada,\u201d colours how Albertans assess the relationship between Quebec and the rest of Canada.<\/p>\n<div class=\"c-tabs\">\n<p>\n\t\t\t<button role=\"tab\" class=\"c-tabs__tab c-tabs__tab--active\" type=\"button\">More on Canada<\/button><br \/>\n\t\t\t<button role=\"tab\" class=\"c-tabs__tab\" type=\"button\">More videos<\/button>\n\t\t<\/p>\n<\/p><\/div>\n<p>He said these feelings stem from Quebec\u2019s past opposition to pipeline construction and the belief that the province receives a lot of equalization.<\/p>\n<p>The L\u00e9ger survey also reveals significant differences of opinion within Quebec itself: 66 per cent of francophones think the relationship with the rest of Canada is generally good, while just 56 per cent of anglophones agree.<\/p>\n<p>Just 40 per cent of Quebecers aged 18 to 24 say the relationship with the rest of Canada is good, while the percentage of respondents in other age groups agreeing with that statement ranged from 57 per cent to 72 per cent.<\/p>\n<p>The L\u00e9ger survey was conducted online from Jan. 17 to 19 among 1,578 Canadians. It has no margin of error since it is not a probability sample.<\/p>\n<\/p><\/div>\n<div>\n<p>\n\t\t&amp;copy 2025 The Canadian Press\t<\/p>\n<\/div>\n<p><script defer src=\"https:\/\/connect.facebook.net\/en_US\/sdk.js#xfbml=1&#038;appId=318812448281278&#038;version=v3.3\"><\/script><br \/>\n<br \/><br \/>\n<br \/><a href=\"https:\/\/globalnews.ca\/news\/11006531\/donald-trump-tariffs-canadian-pride-poll\/\">Source link <\/a><\/p>\n","protected":false},"excerpt":{"rendered":"<p>Two new polls suggest Quebeckers are feeling pretty good about their relationship with Canada these days. Between December and February, the share of Quebecers who said they were \u201cvery proud\u201d or \u201cproud\u201d to be Canadian increased 13 points from 45 per cent to 58 per cent, according to an Angus Reid poll conducted online Sunday<\/p>\n","protected":false},"author":2,"featured_media":15292,"comment_status":"open","ping_status":"open","sticky":false,"template":"","format":"standard","meta":{"footnotes":""},"categories":[3],"tags":[],"class_list":{"0":"post-15291","1":"post","2":"type-post","3":"status-publish","4":"format-standard","5":"has-post-thumbnail","7":"category-news"},"yoast_head":"<!-- This site is optimized with the Yoast SEO plugin v23.8 - https:\/\/yoast.com\/wordpress\/plugins\/seo\/ -->\n<title>Trump\u2019s tariff threat provokes \u2018wave of patriotism\u2019 in Canada, polls show - National - Toronto Tribune<\/title>\n<meta name=\"robots\" content=\"index, follow, max-snippet:-1, max-image-preview:large, max-video-preview:-1\" \/>\n<link rel=\"canonical\" href=\"https:\/\/torontotribune.ca\/index.php\/2025\/02\/06\/trumps-tariff-threat-provokes-wave-of-patriotism-in-canada-polls-show-national\/\" \/>\n<meta property=\"og:locale\" content=\"en_US\" \/>\n<meta property=\"og:type\" content=\"article\" \/>\n<meta property=\"og:title\" content=\"Trump\u2019s tariff threat provokes \u2018wave of patriotism\u2019 in Canada, polls show - National - Toronto Tribune\" \/>\n<meta property=\"og:description\" content=\"Two new polls suggest Quebeckers are feeling pretty good about their relationship with Canada these days. Between December and February, the share of Quebecers who said they were \u201cvery proud\u201d or \u201cproud\u201d to be Canadian increased 13 points from 45 per cent to 58 per cent, according to an Angus Reid poll conducted online Sunday\" \/>\n<meta property=\"og:url\" content=\"https:\/\/torontotribune.ca\/index.php\/2025\/02\/06\/trumps-tariff-threat-provokes-wave-of-patriotism-in-canada-polls-show-national\/\" \/>\n<meta property=\"og:site_name\" content=\"Toronto Tribune\" \/>\n<meta property=\"article:published_time\" content=\"2025-02-06T12:54:15+00:00\" \/>\n<meta property=\"og:image\" content=\"https:\/\/torontotribune.ca\/wp-content\/uploads\/2025\/02\/canadian-flag.jpg\" \/>\n\t<meta property=\"og:image:width\" content=\"720\" \/>\n\t<meta property=\"og:image:height\" content=\"379\" \/>\n\t<meta property=\"og:image:type\" content=\"image\/jpeg\" \/>\n<meta name=\"author\" content=\"Silas Reed\" \/>\n<meta name=\"twitter:card\" content=\"summary_large_image\" \/>\n<meta name=\"twitter:label1\" content=\"Written by\" \/>\n\t<meta name=\"twitter:data1\" content=\"Silas Reed\" \/>\n\t<meta name=\"twitter:label2\" content=\"Est. reading time\" \/>\n\t<meta name=\"twitter:data2\" content=\"4 minutes\" \/>\n<script type=\"application\/ld+json\" class=\"yoast-schema-graph\">{\"@context\":\"https:\/\/schema.org\",\"@graph\":[{\"@type\":\"WebPage\",\"@id\":\"https:\/\/torontotribune.ca\/index.php\/2025\/02\/06\/trumps-tariff-threat-provokes-wave-of-patriotism-in-canada-polls-show-national\/\",\"url\":\"https:\/\/torontotribune.ca\/index.php\/2025\/02\/06\/trumps-tariff-threat-provokes-wave-of-patriotism-in-canada-polls-show-national\/\",\"name\":\"Trump\u2019s tariff threat provokes \u2018wave of patriotism\u2019 in Canada, polls show - National - Toronto Tribune\",\"isPartOf\":{\"@id\":\"https:\/\/torontotribune.ca\/#website\"},\"primaryImageOfPage\":{\"@id\":\"https:\/\/torontotribune.ca\/index.php\/2025\/02\/06\/trumps-tariff-threat-provokes-wave-of-patriotism-in-canada-polls-show-national\/#primaryimage\"},\"image\":{\"@id\":\"https:\/\/torontotribune.ca\/index.php\/2025\/02\/06\/trumps-tariff-threat-provokes-wave-of-patriotism-in-canada-polls-show-national\/#primaryimage\"},\"thumbnailUrl\":\"https:\/\/torontotribune.ca\/wp-content\/uploads\/2025\/02\/canadian-flag.jpg\",\"datePublished\":\"2025-02-06T12:54:15+00:00\",\"dateModified\":\"2025-02-06T12:54:15+00:00\",\"author\":{\"@id\":\"https:\/\/torontotribune.ca\/#\/schema\/person\/ac1ebc6ebafbe1a804fc8424efe295cf\"},\"breadcrumb\":{\"@id\":\"https:\/\/torontotribune.ca\/index.php\/2025\/02\/06\/trumps-tariff-threat-provokes-wave-of-patriotism-in-canada-polls-show-national\/#breadcrumb\"},\"inLanguage\":\"en-US\",\"potentialAction\":[{\"@type\":\"ReadAction\",\"target\":[\"https:\/\/torontotribune.ca\/index.php\/2025\/02\/06\/trumps-tariff-threat-provokes-wave-of-patriotism-in-canada-polls-show-national\/\"]}]},{\"@type\":\"ImageObject\",\"inLanguage\":\"en-US\",\"@id\":\"https:\/\/torontotribune.ca\/index.php\/2025\/02\/06\/trumps-tariff-threat-provokes-wave-of-patriotism-in-canada-polls-show-national\/#primaryimage\",\"url\":\"https:\/\/torontotribune.ca\/wp-content\/uploads\/2025\/02\/canadian-flag.jpg\",\"contentUrl\":\"https:\/\/torontotribune.ca\/wp-content\/uploads\/2025\/02\/canadian-flag.jpg\",\"width\":720,\"height\":379},{\"@type\":\"BreadcrumbList\",\"@id\":\"https:\/\/torontotribune.ca\/index.php\/2025\/02\/06\/trumps-tariff-threat-provokes-wave-of-patriotism-in-canada-polls-show-national\/#breadcrumb\",\"itemListElement\":[{\"@type\":\"ListItem\",\"position\":1,\"name\":\"Home\",\"item\":\"https:\/\/torontotribune.ca\/\"},{\"@type\":\"ListItem\",\"position\":2,\"name\":\"Trump\u2019s tariff threat provokes \u2018wave of patriotism\u2019 in Canada, polls show &#8211; National\"}]},{\"@type\":\"WebSite\",\"@id\":\"https:\/\/torontotribune.ca\/#website\",\"url\":\"https:\/\/torontotribune.ca\/\",\"name\":\"Toronto Tribune\",\"description\":\"Latest news from Toronto\",\"potentialAction\":[{\"@type\":\"SearchAction\",\"target\":{\"@type\":\"EntryPoint\",\"urlTemplate\":\"https:\/\/torontotribune.ca\/?s={search_term_string}\"},\"query-input\":{\"@type\":\"PropertyValueSpecification\",\"valueRequired\":true,\"valueName\":\"search_term_string\"}}],\"inLanguage\":\"en-US\"},{\"@type\":\"Person\",\"@id\":\"https:\/\/torontotribune.ca\/#\/schema\/person\/ac1ebc6ebafbe1a804fc8424efe295cf\",\"name\":\"Silas Reed\",\"image\":{\"@type\":\"ImageObject\",\"inLanguage\":\"en-US\",\"@id\":\"https:\/\/torontotribune.ca\/#\/schema\/person\/image\/\",\"url\":\"https:\/\/secure.gravatar.com\/avatar\/b175eb93cc96e8ac3afa80a5a512b1a24ec774de68e4dd7403e5fe06012c0cc3?s=96&d=mm&r=g\",\"contentUrl\":\"https:\/\/secure.gravatar.com\/avatar\/b175eb93cc96e8ac3afa80a5a512b1a24ec774de68e4dd7403e5fe06012c0cc3?s=96&d=mm&r=g\",\"caption\":\"Silas Reed\"},\"url\":\"https:\/\/torontotribune.ca\/index.php\/author\/silasreed\/\"}]}<\/script>\n<!-- \/ Yoast SEO plugin. -->","yoast_head_json":{"title":"Trump\u2019s tariff threat provokes \u2018wave of patriotism\u2019 in Canada, polls show - National - Toronto Tribune","robots":{"index":"index","follow":"follow","max-snippet":"max-snippet:-1","max-image-preview":"max-image-preview:large","max-video-preview":"max-video-preview:-1"},"canonical":"https:\/\/torontotribune.ca\/index.php\/2025\/02\/06\/trumps-tariff-threat-provokes-wave-of-patriotism-in-canada-polls-show-national\/","og_locale":"en_US","og_type":"article","og_title":"Trump\u2019s tariff threat provokes \u2018wave of patriotism\u2019 in Canada, polls show - National - Toronto Tribune","og_description":"Two new polls suggest Quebeckers are feeling pretty good about their relationship with Canada these days. Between December and February, the share of Quebecers who said they were \u201cvery proud\u201d or \u201cproud\u201d to be Canadian increased 13 points from 45 per cent to 58 per cent, according to an Angus Reid poll conducted online Sunday","og_url":"https:\/\/torontotribune.ca\/index.php\/2025\/02\/06\/trumps-tariff-threat-provokes-wave-of-patriotism-in-canada-polls-show-national\/","og_site_name":"Toronto Tribune","article_published_time":"2025-02-06T12:54:15+00:00","og_image":[{"width":720,"height":379,"url":"https:\/\/torontotribune.ca\/wp-content\/uploads\/2025\/02\/canadian-flag.jpg","type":"image\/jpeg"}],"author":"Silas Reed","twitter_card":"summary_large_image","twitter_misc":{"Written by":"Silas Reed","Est. reading time":"4 minutes"},"schema":{"@context":"https:\/\/schema.org","@graph":[{"@type":"WebPage","@id":"https:\/\/torontotribune.ca\/index.php\/2025\/02\/06\/trumps-tariff-threat-provokes-wave-of-patriotism-in-canada-polls-show-national\/","url":"https:\/\/torontotribune.ca\/index.php\/2025\/02\/06\/trumps-tariff-threat-provokes-wave-of-patriotism-in-canada-polls-show-national\/","name":"Trump\u2019s tariff threat provokes \u2018wave of patriotism\u2019 in Canada, polls show - National - Toronto Tribune","isPartOf":{"@id":"https:\/\/torontotribune.ca\/#website"},"primaryImageOfPage":{"@id":"https:\/\/torontotribune.ca\/index.php\/2025\/02\/06\/trumps-tariff-threat-provokes-wave-of-patriotism-in-canada-polls-show-national\/#primaryimage"},"image":{"@id":"https:\/\/torontotribune.ca\/index.php\/2025\/02\/06\/trumps-tariff-threat-provokes-wave-of-patriotism-in-canada-polls-show-national\/#primaryimage"},"thumbnailUrl":"https:\/\/torontotribune.ca\/wp-content\/uploads\/2025\/02\/canadian-flag.jpg","datePublished":"2025-02-06T12:54:15+00:00","dateModified":"2025-02-06T12:54:15+00:00","author":{"@id":"https:\/\/torontotribune.ca\/#\/schema\/person\/ac1ebc6ebafbe1a804fc8424efe295cf"},"breadcrumb":{"@id":"https:\/\/torontotribune.ca\/index.php\/2025\/02\/06\/trumps-tariff-threat-provokes-wave-of-patriotism-in-canada-polls-show-national\/#breadcrumb"},"inLanguage":"en-US","potentialAction":[{"@type":"ReadAction","target":["https:\/\/torontotribune.ca\/index.php\/2025\/02\/06\/trumps-tariff-threat-provokes-wave-of-patriotism-in-canada-polls-show-national\/"]}]},{"@type":"ImageObject","inLanguage":"en-US","@id":"https:\/\/torontotribune.ca\/index.php\/2025\/02\/06\/trumps-tariff-threat-provokes-wave-of-patriotism-in-canada-polls-show-national\/#primaryimage","url":"https:\/\/torontotribune.ca\/wp-content\/uploads\/2025\/02\/canadian-flag.jpg","contentUrl":"https:\/\/torontotribune.ca\/wp-content\/uploads\/2025\/02\/canadian-flag.jpg","width":720,"height":379},{"@type":"BreadcrumbList","@id":"https:\/\/torontotribune.ca\/index.php\/2025\/02\/06\/trumps-tariff-threat-provokes-wave-of-patriotism-in-canada-polls-show-national\/#breadcrumb","itemListElement":[{"@type":"ListItem","position":1,"name":"Home","item":"https:\/\/torontotribune.ca\/"},{"@type":"ListItem","position":2,"name":"Trump\u2019s tariff threat provokes \u2018wave of patriotism\u2019 in Canada, polls show &#8211; National"}]},{"@type":"WebSite","@id":"https:\/\/torontotribune.ca\/#website","url":"https:\/\/torontotribune.ca\/","name":"Toronto Tribune","description":"Latest news from Toronto","potentialAction":[{"@type":"SearchAction","target":{"@type":"EntryPoint","urlTemplate":"https:\/\/torontotribune.ca\/?s={search_term_string}"},"query-input":{"@type":"PropertyValueSpecification","valueRequired":true,"valueName":"search_term_string"}}],"inLanguage":"en-US"},{"@type":"Person","@id":"https:\/\/torontotribune.ca\/#\/schema\/person\/ac1ebc6ebafbe1a804fc8424efe295cf","name":"Silas Reed","image":{"@type":"ImageObject","inLanguage":"en-US","@id":"https:\/\/torontotribune.ca\/#\/schema\/person\/image\/","url":"https:\/\/secure.gravatar.com\/avatar\/b175eb93cc96e8ac3afa80a5a512b1a24ec774de68e4dd7403e5fe06012c0cc3?s=96&d=mm&r=g","contentUrl":"https:\/\/secure.gravatar.com\/avatar\/b175eb93cc96e8ac3afa80a5a512b1a24ec774de68e4dd7403e5fe06012c0cc3?s=96&d=mm&r=g","caption":"Silas Reed"},"url":"https:\/\/torontotribune.ca\/index.php\/author\/silasreed\/"}]}},"_links":{"self":[{"href":"https:\/\/torontotribune.ca\/index.php\/wp-json\/wp\/v2\/posts\/15291","targetHints":{"allow":["GET"]}}],"collection":[{"href":"https:\/\/torontotribune.ca\/index.php\/wp-json\/wp\/v2\/posts"}],"about":[{"href":"https:\/\/torontotribune.ca\/index.php\/wp-json\/wp\/v2\/types\/post"}],"author":[{"embeddable":true,"href":"https:\/\/torontotribune.ca\/index.php\/wp-json\/wp\/v2\/users\/2"}],"replies":[{"embeddable":true,"href":"https:\/\/torontotribune.ca\/index.php\/wp-json\/wp\/v2\/comments?post=15291"}],"version-history":[{"count":0,"href":"https:\/\/torontotribune.ca\/index.php\/wp-json\/wp\/v2\/posts\/15291\/revisions"}],"wp:featuredmedia":[{"embeddable":true,"href":"https:\/\/torontotribune.ca\/index.php\/wp-json\/wp\/v2\/media\/15292"}],"wp:attachment":[{"href":"https:\/\/torontotribune.ca\/index.php\/wp-json\/wp\/v2\/media?parent=15291"}],"wp:term":[{"taxonomy":"category","embeddable":true,"href":"https:\/\/torontotribune.ca\/index.php\/wp-json\/wp\/v2\/categories?post=15291"},{"taxonomy":"post_tag","embeddable":true,"href":"https:\/\/torontotribune.ca\/index.php\/wp-json\/wp\/v2\/tags?post=15291"}],"curies":[{"name":"wp","href":"https:\/\/api.w.org\/{rel}","templated":true}]}}